{"id":683,"date":"2016-12-15T04:31:10","date_gmt":"2016-12-15T03:31:10","guid":{"rendered":"http:\/\/bosnjaci.org\/wp1437\/?p=683"},"modified":"2016-12-15T04:31:10","modified_gmt":"2016-12-15T03:31:10","slug":"kada-se-ude-u-dzamiju-klanjaju-se-dva-rekjata","status":"publish","type":"post","link":"https:\/\/bosnjaci.org\/wp1437\/kada-se-ude-u-dzamiju-klanjaju-se-dva-rekjata\/","title":{"rendered":"Kada se u\u0111e u d\u017eamiju klanjaju se dva rekjata"},"content":{"rendered":"<p>Ebu Katade, r.a, rekao je: U\u0161ao sam u d\u017eamiju a Allahov Poslanik, s.a.v.s, je sjedio me\u0111u ljudima. Sjeo sam, pa me je Allahov Poslanik, s.a.v.s, upitao: \u0160ta te je sprije\u0107ilo da klanja\u0161 dva rekjata prije nego \u0161to si sjeo?<\/p>\n<p>Odgovorio sam: Allahov Poslani\u010de, vidio sam tebe i ljude da sjedite.<\/p>\n<p>Rekao je: Kada neko od vas u\u0111e u d\u017eamiju, neka ne sjeda dok ne klanja dva rekjata.<\/p>\n","protected":false},"excerpt":{"rendered":"<p>Ebu Katade, r.a, rekao je: U\u0161ao sam u d\u017eamiju a Allahov Poslanik, s.a.v.s, je sjedio me\u0111u ljudima. Sjeo sam, pa me je Allahov Poslanik, s.a.v.s, upitao: \u0160ta te je sprije\u0107ilo da klanja\u0161 dva rekjata prije nego \u0161to si sjeo? Odgovorio sam: Allahov Poslani\u010de, vidio sam tebe i ljude da sjedite. Rekao je: Kada neko od vas u\u0111e u d\u017eamiju, neka ne sjeda dok ne klanja dva rekjata.<\/p>\n","protected":false},"author":1,"featured_media":684,"comment_status":"closed","ping_status":"closed","sticky":false,"template":"","format":"standard","meta":{"footnotes":""},"categories":[2],"tags":[],"class_list":["post-683","post","type-post","status-publish","format-standard","has-post-thumbnail","hentry","category-hadis"],"_links":{"self":[{"href":"https:\/\/bosnjaci.org\/wp1437\/wp-json\/wp\/v2\/posts\/683","targetHints":{"allow":["GET"]}}],"collection":[{"href":"https:\/\/bosnjaci.org\/wp1437\/wp-json\/wp\/v2\/posts"}],"about":[{"href":"https:\/\/bosnjaci.org\/wp1437\/wp-json\/wp\/v2\/types\/post"}],"author":[{"embeddable":true,"href":"https:\/\/bosnjaci.org\/wp1437\/wp-json\/wp\/v2\/users\/1"}],"replies":[{"embeddable":true,"href":"https:\/\/bosnjaci.org\/wp1437\/wp-json\/wp\/v2\/comments?post=683"}],"version-history":[{"count":1,"href":"https:\/\/bosnjaci.org\/wp1437\/wp-json\/wp\/v2\/posts\/683\/revisions"}],"predecessor-version":[{"id":685,"href":"https:\/\/bosnjaci.org\/wp1437\/wp-json\/wp\/v2\/posts\/683\/revisions\/685"}],"wp:featuredmedia":[{"embeddable":true,"href":"https:\/\/bosnjaci.org\/wp1437\/wp-json\/wp\/v2\/media\/684"}],"wp:attachment":[{"href":"https:\/\/bosnjaci.org\/wp1437\/wp-json\/wp\/v2\/media?parent=683"}],"wp:term":[{"taxonomy":"category","embeddable":true,"href":"https:\/\/bosnjaci.org\/wp1437\/wp-json\/wp\/v2\/categories?post=683"},{"taxonomy":"post_tag","embeddable":true,"href":"https:\/\/bosnjaci.org\/wp1437\/wp-json\/wp\/v2\/tags?post=683"}],"curies":[{"name":"wp","href":"https:\/\/api.w.org\/{rel}","templated":true}]}}