{"id":645,"date":"2016-11-21T23:54:08","date_gmt":"2016-11-21T22:54:08","guid":{"rendered":"http:\/\/bosnjaci.org\/wp1437\/?p=645"},"modified":"2016-11-21T23:54:18","modified_gmt":"2016-11-21T22:54:18","slug":"kad-se-funkcije-i-povjerenistva-budu-davala-osobama-koje-ih-ne-zasluzuju","status":"publish","type":"post","link":"https:\/\/bosnjaci.org\/wp1437\/kad-se-funkcije-i-povjerenistva-budu-davala-osobama-koje-ih-ne-zasluzuju\/","title":{"rendered":"Kad se funkcije i povjereni\u0161tva budu davala osobama koje ih ne zaslu\u017euju."},"content":{"rendered":"<p>\u0160ejh Ibnu Usejmin rhm., ka\u017ee: &#8220;Kad se funkcije i povjereni\u0161tva budu davala osobama koje ih ne zaslu\u017euju ne bitno da li je rije\u010d o dr\u017eavnim globalnim funkcijama ili o lokalnim opcinskim funkcijama &#8211; kada na ta mjesta budu dolazili ljudi koji nisu od rije\u010di i nisu od povjerenja \u2013 i\u0161\u010dekuj Sudnji Dan!<\/p>\n<p>A kao primjer navedenom je kada ljudi predadnu sebe i sve svoje u vlast \u010dovjeku koji je daleko od vjere i povjerenja, koji se ne dr\u017ei Allahovih granica, koji bli\u017enjeg i bogatog stalno poma\u017ee, a slabog i siroma\u0161nog stalno tla\u010di i pritiska. Ovakvi ljudi ne zaslu\u017euju vlast i upravu, i kad takvi do\u0111u na vlast i\u0161\u010dekuj Sudnji Dan.<\/p>\n<p>Takvi ljudi vode narod zlu, fesadu i nemoralu, i takvi vlast pravi od slobodnih ljudi robove \u2013 ostavljaju\u0107i ih bez ikakve \u010dasti i dostojanstva! Ako se \u010dovjeku koji je daleko od Kur'ana i Sunneta povjeri vlast \u2013 taj mo\u017ee samo da \u0161teti. Ako se nestru\u010dnom ili pokvarenom \u010dovjeku povjeri direktorstvo i uprava nad firmom ili \u0161kolom zbog toga \u0161to je blizak vlasti ili nekom \u010dovjeku iz vlasti \u2013 to je klasi\u010dni primjer zagubljivanja emaneta nakon kojeg treba i\u0161\u0107ekivati nastup Sudnjega Dana!<\/p>\n<p>Poslanik s.a.w.s., je rekao: \u201eAko neko postavi odre\u0111enu osobu na odre\u0111enu funkciju pored postojanja \u010dovjeka koji je mnogo pre\u010di, stru\u010dniji i spretniji po pitanju te iste funkcije \u2013 takav \u010dovjek vara Allaha, Poslanika i vjernike!\u201c<\/p>\n<p>&nbsp;<\/p>\n<p>Sunen el-Kubra, Bejheki, br.20861.<\/p>\n<p>Pogledaj: \u0160erhu Kitabil-Rikak, Sahihul-Buhari, 1\/129.<\/p>\n","protected":false},"excerpt":{"rendered":"<p>\u0160ejh Ibnu Usejmin rhm., ka\u017ee: &#8220;Kad se funkcije i povjereni\u0161tva budu davala osobama koje ih ne zaslu\u017euju ne bitno da li je rije\u010d o dr\u017eavnim globalnim funkcijama ili o lokalnim opcinskim funkcijama &#8211; kada na ta mjesta budu dolazili ljudi koji nisu od rije\u010di i nisu od povjerenja \u2013 i\u0161\u010dekuj Sudnji Dan! A kao primjer navedenom je kada ljudi predadnu sebe i sve svoje u vlast \u010dovjeku koji je daleko od vjere i povjerenja, koji se ne dr\u017ei Allahovih granica, koji bli\u017enjeg i bogatog stalno poma\u017ee, a slabog i siroma\u0161nog stalno tla\u010di i pritiska. Ovakvi ljudi ne zaslu\u017euju vlast i upravu, i kad takvi do\u0111u na vlast i\u0161\u010dekuj Sudnji Dan. Takvi ljudi vode narod zlu, fesadu i nemoralu, i takvi vlast pravi od slobodnih ljudi robove \u2013 ostavljaju\u0107i ih bez ikakve \u010dasti i dostojanstva! Ako se \u010dovjeku koji je daleko od Kur'ana i Sunneta povjeri vlast \u2013 taj mo\u017ee samo da \u0161teti. Ako se nestru\u010dnom ili pokvarenom \u010dovjeku povjeri direktorstvo i uprava nad firmom ili \u0161kolom zbog toga \u0161to je blizak vlasti ili nekom \u010dovjeku iz vlasti \u2013 to je klasi\u010dni primjer zagubljivanja emaneta nakon kojeg treba i\u0161\u0107ekivati nastup Sudnjega Dana! Poslanik s.a.w.s., je rekao: \u201eAko neko postavi odre\u0111enu osobu [&#8230;]<\/p>\n","protected":false},"author":1,"featured_media":648,"comment_status":"closed","ping_status":"closed","sticky":false,"template":"","format":"standard","meta":{"footnotes":""},"categories":[2],"tags":[],"class_list":["post-645","post","type-post","status-publish","format-standard","has-post-thumbnail","hentry","category-hadis"],"_links":{"self":[{"href":"https:\/\/bosnjaci.org\/wp1437\/wp-json\/wp\/v2\/posts\/645","targetHints":{"allow":["GET"]}}],"collection":[{"href":"https:\/\/bosnjaci.org\/wp1437\/wp-json\/wp\/v2\/posts"}],"about":[{"href":"https:\/\/bosnjaci.org\/wp1437\/wp-json\/wp\/v2\/types\/post"}],"author":[{"embeddable":true,"href":"https:\/\/bosnjaci.org\/wp1437\/wp-json\/wp\/v2\/users\/1"}],"replies":[{"embeddable":true,"href":"https:\/\/bosnjaci.org\/wp1437\/wp-json\/wp\/v2\/comments?post=645"}],"version-history":[{"count":6,"href":"https:\/\/bosnjaci.org\/wp1437\/wp-json\/wp\/v2\/posts\/645\/revisions"}],"predecessor-version":[{"id":652,"href":"https:\/\/bosnjaci.org\/wp1437\/wp-json\/wp\/v2\/posts\/645\/revisions\/652"}],"wp:featuredmedia":[{"embeddable":true,"href":"https:\/\/bosnjaci.org\/wp1437\/wp-json\/wp\/v2\/media\/648"}],"wp:attachment":[{"href":"https:\/\/bosnjaci.org\/wp1437\/wp-json\/wp\/v2\/media?parent=645"}],"wp:term":[{"taxonomy":"category","embeddable":true,"href":"https:\/\/bosnjaci.org\/wp1437\/wp-json\/wp\/v2\/categories?post=645"},{"taxonomy":"post_tag","embeddable":true,"href":"https:\/\/bosnjaci.org\/wp1437\/wp-json\/wp\/v2\/tags?post=645"}],"curies":[{"name":"wp","href":"https:\/\/api.w.org\/{rel}","templated":true}]}}