{"id":578,"date":"2016-10-14T23:47:05","date_gmt":"2016-10-14T21:47:05","guid":{"rendered":"http:\/\/bosnjaci.org\/wp1437\/?p=578"},"modified":"2016-10-15T06:00:03","modified_gmt":"2016-10-15T04:00:03","slug":"znate-li-zboj-koje-sedzde-place-sejtan","status":"publish","type":"post","link":"https:\/\/bosnjaci.org\/wp1437\/znate-li-zboj-koje-sedzde-place-sejtan\/","title":{"rendered":"Znate li zbog koje sed\u017ede pla\u0107e \u0161ejtan?"},"content":{"rendered":"<p>Svaki put kada \u010dovjek u\u010dini sed\u017edu Et Tilawe (sed\u017eda koja se u\u010dini prilikom u\u010denja ajeta u kojem se spominje sed\u017eda), \u0161ejtan se uznemiri.<br \/>\nEbu Hurejre, radijallahu anha, prenosi da je Allahov Poslanik, sallallahu alejhi ve sellem, rekao: \u201cKada \u010dovjek prou\u010di neki od ajeta u kojem se spominje sed\u017eda i on je u\u010dini, \u0161ejtan se povu\u010de u stranu i po\u010dne plakati i govoriti: Te\u0161ko meni! Nare\u0111eno mu je bilo da u\u010dini sed\u017edu, pa ju je u\u010dinio i D\u017eennet je njegov; nare\u0111eno mi je bilo da je u\u010dinim, pa sam odbio i za mene je D\u017eehennem\u201c. (Bilje\u017ei Muslim u svome Sahihu, br. 133.)<br \/>\nEto to je \u0161ejtan koji svim silama poziva ljude u zabludu i koji \u0107e biti uzrokom da mnogo ljudi u\u0111e u D\u017eehennem. Sada ga vidimo slabog i uplakanog zbog u\u010dinjene sed\u017ede Et Tilawe.<br \/>\nO muslimani, \u0161to vi\u0161e \u010dinite sed\u017edu Et Tilawe to vi\u0161e doprinosite uznemirenosti i propasti \u0161ejtana.<\/p>\n<p>Prenijet \u0107u vam pri\u010du o \u010dovjeku koji je ranom zorom krenuo obaviti sabah namaz u mesd\u017eidu. Naime, na tom putu, koji je bio neosvjetljen, spotakao se i uprljao odje\u0107u. Zbog toga se vratio ku\u0107i, presvukao se, obnovio abdest i ponovo krenuo u mesd\u017eid. Me\u0111utim, kako je opet pao, odlu\u010dio je da se ponovo vrati ku\u0107i i u\u010dini isto. I tre\u0107i put, \u010dovjek se spotakao i pao na zemlju pa se i tad vratio ku\u0107i da se presvu\u010de i ponovo krenu u mesd\u017eid na sabah namaz.\u00a0Ovog puta ga je do\u010dekao \u010dovjek s lampom u ruci i rekao mu: \u201eVidjeh da si dva puta pao pa da ti posvjetlim do mesd\u017eida.\u201c<\/p>\n<p>Kada su do\u0161li do Allahove ku\u0107e \u010dovjek pozva ovog stranca da u\u0111e klanjati s njim, ali je on to uporno odbijao. Kada ga je upitao za\u0161to ne \u017eeli klanjati odgovorio mu je: \u201eJa sam \u0161ejtan. Kada si prvi put iza\u0161ao iz ku\u0107e, omeo sam te ne bi li te odvratio od odlaska u mesd\u017eid. Ali ti si se ponovo spremio za namaz pa ti je Allah oprostio sve grijehe. Kada sam te drugi put omeo, a ti se ponovo vratio, presvukao i abdestio, Allah je oprostio grijehe i tvojoj porodici. Kada si iza\u0161ao i tre\u0107i put pobojao sam se da \u0107e Allah oprostiti grijehe svim stanovnicima tvoga sela. \u201c<br \/>\nZato ne dopustimo da nas \u0161ejtan zavara!<br \/>\nLa illahe illallah!<\/p>\n<p>&nbsp;<\/p>\n<p>Prevela i obradila: <strong>Arnela Hasi\u0107-Ljevo<\/strong><\/p>\n<p>Preuzeto sa: <a href=\"http:\/\/www.akos.ba\/u-fokusu\/znate-li-zbog-koje-sedzde-place-sejtan\">www.akos.ba<\/a><\/p>\n","protected":false},"excerpt":{"rendered":"<p>Svaki put kada \u010dovjek u\u010dini sed\u017edu Et Tilawe (sed\u017eda koja se u\u010dini prilikom u\u010denja ajeta u kojem se spominje sed\u017eda), \u0161ejtan se uznemiri. Ebu Hurejre, radijallahu anha, prenosi da je Allahov Poslanik, sallallahu alejhi ve sellem, rekao: \u201cKada \u010dovjek prou\u010di neki od ajeta u kojem se spominje sed\u017eda i on je u\u010dini, \u0161ejtan se povu\u010de u stranu i po\u010dne plakati i govoriti: Te\u0161ko meni! Nare\u0111eno mu je bilo da u\u010dini sed\u017edu, pa ju je u\u010dinio i D\u017eennet je njegov; nare\u0111eno mi je bilo da je u\u010dinim, pa sam odbio i za mene je D\u017eehennem\u201c. (Bilje\u017ei Muslim u svome Sahihu, br. 133.) Eto to je \u0161ejtan koji svim silama poziva ljude u zabludu i koji \u0107e biti uzrokom da mnogo ljudi u\u0111e u D\u017eehennem. Sada ga vidimo slabog i uplakanog zbog u\u010dinjene sed\u017ede Et Tilawe. O muslimani, \u0161to vi\u0161e \u010dinite sed\u017edu Et Tilawe to vi\u0161e doprinosite uznemirenosti i propasti \u0161ejtana. Prenijet \u0107u vam pri\u010du o \u010dovjeku koji je ranom zorom krenuo obaviti sabah namaz u mesd\u017eidu. Naime, na tom putu, koji je bio neosvjetljen, spotakao se i uprljao odje\u0107u. Zbog toga se vratio ku\u0107i, presvukao se, obnovio abdest i ponovo krenuo u mesd\u017eid. Me\u0111utim, kako je opet pao, odlu\u010dio je da [&#8230;]<\/p>\n","protected":false},"author":1,"featured_media":582,"comment_status":"closed","ping_status":"closed","sticky":false,"template":"","format":"standard","meta":{"footnotes":""},"categories":[2],"tags":[],"class_list":["post-578","post","type-post","status-publish","format-standard","has-post-thumbnail","hentry","category-hadis"],"_links":{"self":[{"href":"https:\/\/bosnjaci.org\/wp1437\/wp-json\/wp\/v2\/posts\/578","targetHints":{"allow":["GET"]}}],"collection":[{"href":"https:\/\/bosnjaci.org\/wp1437\/wp-json\/wp\/v2\/posts"}],"about":[{"href":"https:\/\/bosnjaci.org\/wp1437\/wp-json\/wp\/v2\/types\/post"}],"author":[{"embeddable":true,"href":"https:\/\/bosnjaci.org\/wp1437\/wp-json\/wp\/v2\/users\/1"}],"replies":[{"embeddable":true,"href":"https:\/\/bosnjaci.org\/wp1437\/wp-json\/wp\/v2\/comments?post=578"}],"version-history":[{"count":5,"href":"https:\/\/bosnjaci.org\/wp1437\/wp-json\/wp\/v2\/posts\/578\/revisions"}],"predecessor-version":[{"id":586,"href":"https:\/\/bosnjaci.org\/wp1437\/wp-json\/wp\/v2\/posts\/578\/revisions\/586"}],"wp:featuredmedia":[{"embeddable":true,"href":"https:\/\/bosnjaci.org\/wp1437\/wp-json\/wp\/v2\/media\/582"}],"wp:attachment":[{"href":"https:\/\/bosnjaci.org\/wp1437\/wp-json\/wp\/v2\/media?parent=578"}],"wp:term":[{"taxonomy":"category","embeddable":true,"href":"https:\/\/bosnjaci.org\/wp1437\/wp-json\/wp\/v2\/categories?post=578"},{"taxonomy":"post_tag","embeddable":true,"href":"https:\/\/bosnjaci.org\/wp1437\/wp-json\/wp\/v2\/tags?post=578"}],"curies":[{"name":"wp","href":"https:\/\/api.w.org\/{rel}","templated":true}]}}