{"id":1455,"date":"2021-07-11T20:23:45","date_gmt":"2021-07-11T18:23:45","guid":{"rendered":"http:\/\/bosnjaci.org\/wp1437\/?p=1455"},"modified":"2021-07-12T00:58:18","modified_gmt":"2021-07-11T22:58:18","slug":"1455-2","status":"publish","type":"post","link":"https:\/\/bosnjaci.org\/wp1437\/1455-2\/","title":{"rendered":"Kavazovi\u0107: Evropa \u0161uti na negiranje genocida i veli\u010danje zlo\u010dinaca"},"content":{"rendered":"\n<p>U mezarju Memorijalnog centra Srebrenica &#8211; Poto\u010dari klanjana je d\u017eenaza-namaz i obavljen ukop 19 \u017ertava genocida po\u010dinjenog u ljeto 1995. godine u Srebrenici, javlja Anadolu Agency (AA).<\/p>\n\n\n\n<p>D\u017eenazu-namaz predvodio je reisu-l-ulema Islamske zajednice u Bosni i Hercegovini Husein efendija Kavazovi\u0107. Dana\u0161njem obilje\u017eavanju 26. godi\u0161njice genocida po\u010dinjenog u julu 1995. godine prisustvovale su hiljade ljudi.<\/p>\n\n\n\n<p>Prije d\u017eenaza-namaza uprili\u010den je vjerski dio programa, a nakon toga je \u010ditanjem imena po\u010delo izno\u0161enje tabuta iz Musalle Memorijalnog centra.<\/p>\n\n\n\n<p>Pre\u017eivjeli Srebreni\u010dani, \u010dlanovi porodica ubijenih, prijatelji i kom\u0161ije na rukama su prenijeli zelene tabute sa posmrtnim ostacima do mezara gdje su \u017ertve genocida na\u0161le smiraj poslije 26 godina.<\/p>\n\n\n\n<p>Najmla\u0111a \u017ertva koja je ove godine ukopana u Memorijalnom centru Poto\u010dari je Azmir Osmanovi\u0107 koji je imao svega 16 godina kada je likvidiran. Kona\u010dan smiraj ove godine na\u0161ao je jo\u0161 jedan maloljetnik Fikret Kiveri\u0107 koji je imao 17 godina u momentu smrti.<\/p>\n\n\n\n<p>Ove godine kona\u010dan smiraj na\u0161la je i jedna \u017eena Zilha Deli\u0107. U momentu stradanja imala je svega 24 godine.<\/p>\n\n\n\n<p>U Memorijalnom centru Srebrenica &#8211; Poto\u010dari ukopani su ove godine i otac i sin Hajro i Jusuf Alji\u0107.<\/p>\n\n\n\n<p>Najstarija \u017ertva koja je na\u0161la svoj kona\u010dni smiraj u Memorijalnom centru Poto\u010dari jeste Husein Kurba\u0161i\u0107, koji je imao 63 godine u \u010dasu smrti, objavila je Anadolu Agency (AA).<br>U mezarju Memorijalnog centra Poto\u010dari \u2013 Srebrenica ove godine ukopani su: Vejsil (Abdulah) Hamzabegovi\u0107 ro\u0111en 1939. godine, Muhidin (Mujo) Mehmedovi\u0107 ro\u0111en 1977, Fikret (Ramiz) Kiveri\u0107 ro\u0111en 1978, Ramiz (Rizvo) Selimovi\u0107 ro\u0111en 1951, Esnaf (Zurijet) Halilovi\u0107 ro\u0111en 1976, Zilha (Edhem) Deli\u0107 ro\u0111ena 1971, Muamer (Osman) Muji\u0107 ro\u0111en 1976, Mehmed (Mustafa) Beganovi\u0107 ro\u0111en 1947, Hajro (Ramo) Alji\u0107 ro\u0111en 1944, Jusuf (Hajro) Alji\u0107 ro\u0111en 1967, Zajim (Mujo) Hasanovi\u0107 ro\u0111en 1968, Asim (Husejin) Nuki\u0107 ro\u0111en 1971, Azmir (Aziz) Osmanovi\u0107 ro\u0111en 1979, Nezir (Re\u0161id) Dautovi\u0107 ro\u0111en 1969, Ibrahim (Suljo) Avdagi\u0107 ro\u0111en 1950, Jusuf (Adem) Halilovi\u0107 ro\u0111en 1948, Salih (D\u017eanan) D\u017eananovi\u0107 ro\u0111en 1955, Meho (Salih) Karahod\u017ei\u0107 ro\u0111en 1939. i Husein (Ibrahim) Kurba\u0161i\u0107 ro\u0111en 1932.<\/p>\n\n\n\n<p><strong>Reisu-l-ulema Kavazovi\u0107: Evropa \u0161uti na negiranje genocida i veli\u010danje zlo\u010dinaca<\/strong><\/p>\n\n\n\n<figure class=\"wp-block-image\"><img decoding=\"async\" src=\"https:\/\/mobile-img.lpcdn.ca\/lpca\/924x\/e405b4eeb1d83866adb16bcaa995b4a0.jpeg\" alt=\"\"\/><\/figure>\n\n\n\n<p>Reisu-l-ulema Islamske zajednice u BiH Husein ef. Kavazovi\u0107 predvodio je danas u Poto\u010darima d\u017eenazu-namaz za 19 \u017ertava srebreni\u010dkog genocida.<\/p>\n\n\n\n<p>U nastavku pro\u010ditajte reisovu dovu za du\u0161e \u017ertava koje \u0107e danas u Poto\u010darima na\u0107i svoj kona\u010dni smiraj:<\/p>\n\n\n\n<p>26. put stojimo na ovom svetom mjestu na\u0161e tuge, boli, sje\u0107anja i dova.<\/p>\n\n\n\n<p>Pro\u0161lo je 26 godina otkada su krvoloci \u0161to imaju imena i prezimena, jasnu i nedvosmislenu ideologiju, plan, organizaciju, strategiju i zlo\u010dina\u010dku namjeru po\u010dinili genocid u BiH i ovoj pitomoj dolini, u ovom d\u017eennetu na Zemlji, u drevnoj Srebrenici.<\/p>\n\n\n\n<p>Od tada mi Bo\u0161njaci svoje vrijeme brojimo, od tog stra\u0161nog zlo\u010dina, pamte\u0107i svaku nevinu \u017ertvu, ali i svakog zlo\u010dinca, i \u010dekamo pravdu.<\/p>\n\n\n\n<p>Zlo genocida u BiH se nije slu\u010dajno dogodilo. Ono je bilo planski razra\u0111eno i izvedeno. To zlo je prikrivano, negirano i veli\u010dano svih ovih godina.<\/p>\n\n\n\n<p>Ono je duboko i \u017eilavo, a nije ga lako savladati. Negov otrov \u0107e jo\u0161 dugo kolati ovim prostorima.<\/p>\n\n\n\n<p>Ipak, vjerujem da \u0107e vremenom obi\u010dni mali ljudi koji su bli\u017ei jedni drugima na\u0107i na\u010dina da prezru po\u010dinitelje i odbace zlo iz svog duhovnog bi\u0107a, vra\u0107aju\u0107i se moralnim vrijednostima.<\/p>\n\n\n\n<p>Siguran sam da pro\u0161lost koja je te\u0161ka mo\u017ee biti i prilika da razumijemo jedni druge i jedni drugima pomognemo, ako prihvatimo istinu kao vodilju.<\/p>\n\n\n\n<p>Svi dobri ljudi sa svih strana, a posebno u Evropi, trebaju pomo\u0107i BiH i Srebrenici. Srebrenica je bila i ostala ne samo na\u0161e pitanje, pitanje na\u0161e savjesti i morala, ve\u0107 i pitanje morala i savjesti cijele Evrope.<\/p>\n\n\n\n<p>Srebrenica je mjesto pam\u0107enja i sje\u0107anja na nevino ubijene ljude u BiH, pred o\u010dima \u010ditave Evrope, koja ih nije \u017eeljela vidjeti, a ne \u017eeli ih vidjeti jasno ni danas jer \u0161uti i okre\u0107e glavu na negiranje zlo\u010dina genocida u BiH i veli\u010danje i odlikovanje ratnih zlo\u010dinaca.<\/p>\n\n\n\n<p>I danas smo se okupili na mezarju u Poto\u010darima da se namazom i dovom sjetimo na\u0161ih najmilijih. Svaka na\u0161a posjeta, obilazak ovog mezaristana, neprekinuti je \u017eivi razgovor koji traje i donosi smiraj du\u0161ama onih koji jedni za drugima \u017eude.<\/p>\n\n\n\n<p>Mi vjerujemo da su na\u0161i \u0161ehidi \u017eivi i da se raduju na\u0161em dolasku i svakoj Fatihi koju im prou\u010dimo. Neka svaka na\u0161a posjeta na\u0161im \u0161ehidima bude na\u0161 zavjet da \u0107emo ostati okrenuti dobru i miru me\u0111u ljudima.<\/p>\n\n\n\n<p>Neka to bude na\u0161 zavjet da ne\u0107emo dozvoliti da se tama naseli u na\u0161im srcima, da \u0107emo uvijek voljeti ljude kao bra\u0107u i sestre, a zlo prezirati i boriti se protiv njega.<\/p>\n\n\n\n<p>Budimo uvijek svjesni Bo\u017eijeg obe\u0107anja da je \u017ertvi ostavljena posljednja rije\u010d &#8211; dova, i da izme\u0111u dove i mazluma, onoga kome je u\u010dinjeno zlo, i Uzvi\u0161enog Boga nema perve niti zastora.<\/p>\n\n\n\n<p>U ovom iznimnom trenutku na\u0161eg duhovnog uzdignu\u0107a uputimo dovu za sve nas, za na\u0161e najmilije, za \u017eive i mrtve, za na\u0161u domovinu i narod u ovom danu sje\u0107anja na bra\u0107u i sestre \u010diji \u017eivoti su postali vje\u010dnost i vje\u010diti zalog na\u0161ih zemaljskih \u017eivota.<\/p>\n\n\n\n<p>Molimo te Gospodaru svjetova, oprosti na\u0161im \u017eivima i na\u0161im mrtvima, mladima i starima, mu\u0161karcima i \u017eenama, prisutnim i odsutnim. Gospodaru Na\u0161, koga od nas po\u017eivi\u0161, neka \u017eivi svoj \u017eivot u islamu, a koga od nas Sebi pozove\u0161, neka Ti se povrati s imanom.<\/p>\n\n\n\n<p>Gospodaru na\u0161, Tebi okre\u0107emo lica svoja, mole\u0107i Te za pomo\u0107 i za\u0161titu. Za\u0161titi nas od zle napasti na\u0161e i zle napasti du\u0161mana na\u0161ih koji prema nama mr\u017enju pokazuju.<\/p>\n\n\n\n<p>Gospodaru na\u0161, odstrani iz prsa na\u0161ih mr\u017enju i osvetu prema onima koji su nam zlo nanijeli a usadi nam snagu da uvijek postupamo po pravdi koju Ti zahtijeva\u0161. Gospodaru na\u0161, obraduj na\u0161e \u0161ehide milo\u0161\u0107u i oprostom, onako kako si im Ti to u Svojoj Knjizi obe\u0107ao.<\/p>\n\n\n\n<p>Gospodaru na\u0161, primi na\u0161e dove i dove onih koji su nas u vjeri pretekli, u\u010dvrsti nam pouzdanje u Tvoju Rije\u010d i za\u0161titi nas od naroda koji nam zlo snuje.<\/p>\n\n\n\n<p>Gospodaru na\u0161, podari svim dobrim ljudima Svoju milost i blagoslov i uputi nas stazama mira i dobro\u010dinstva s kojima si Ti zadovoljan.<\/p>\n\n\n\n<p>Gospodaru na\u0161, ako pogrije\u0161imo, podari nam snagu Ademovog alejhiselam pokajanja.<\/p>\n\n\n\n<p>Ako nas zadesi nesre\u0107a, pou\u010di nas Nuhovoj alejhiselam la\u0111i spasa. Ako nas pritisne napast krivovjerja, osvijetli nam put Ibrahimovom alejhiselam vjerom.<\/p>\n\n\n\n<p>Ako nas uhvati strah od silnika, podari nam Musaovu alejhiselam hrabrost suo\u010denja s du\u0161manima. Ako nam se ponudi mr\u017enja, oja\u010daj nas i Isaovom alejhiselam ljubavlju prema bli\u017enjem. Ako budemo protjerani iz domova na\u0161ih, osna\u017ei nas Muhammedovom alejhiselam \u017eeljom za povratak u zavi\u010daj.<\/p>\n\n\n\n<p>Molimo Te, gospodaru na\u0161, ujedini na\u0161a srca u ljubavi i vjeri, u\u010dvrsti korake na\u0161e na istini i pravdi, osna\u017ei volju na\u0161u u bratstvu i slozi, udru\u017ei na\u0161u snagu i znanje za boljitak na\u0161e domovine.<\/p>\n\n\n\n<p>Molimo Te, gospodaru na\u0161, da tuga bude nada, da umjesto osvete bude pravda, da maj\u010dina suza bude molitva, da se vi\u0161e nikada i nikome ne ponovi Srebrenica.<\/p>\n\n\n\n<p>Gospodaru na\u0161, Ti si mir i od Tebe je mir. Neka se veli\u010da ime Tvoje Uzvi\u0161eno i Plemenito.<\/p>\n\n\n\n<p><\/p>\n\n\n\n<p>Link:&nbsp;<a rel=\"noreferrer noopener\" href=\"https:\/\/vijesti.ba\/clanak\/540265\/kavazovic-evropa-suti-na-negiranje-genocida-i-velicanje-zlocinaca\" target=\"_blank\"><strong>vijesti.ba<\/strong><\/a><\/p>\n\n\n\n<p><\/p>\n\n\n\n<p><\/p>\n","protected":false},"excerpt":{"rendered":"<p>U mezarju Memorijalnog centra Srebrenica &#8211; Poto\u010dari klanjana je d\u017eenaza-namaz i obavljen ukop 19 \u017ertava genocida po\u010dinjenog u ljeto 1995. godine u Srebrenici, javlja Anadolu Agency (AA). D\u017eenazu-namaz predvodio je reisu-l-ulema Islamske zajednice u Bosni i Hercegovini Husein efendija Kavazovi\u0107. Dana\u0161njem obilje\u017eavanju 26. godi\u0161njice genocida po\u010dinjenog u julu 1995. godine prisustvovale su hiljade ljudi. Prije d\u017eenaza-namaza uprili\u010den je vjerski dio programa, a nakon toga je \u010ditanjem imena po\u010delo izno\u0161enje tabuta iz Musalle Memorijalnog centra. Pre\u017eivjeli Srebreni\u010dani, \u010dlanovi porodica ubijenih, prijatelji i kom\u0161ije na rukama su prenijeli zelene tabute sa posmrtnim ostacima do mezara gdje su \u017ertve genocida na\u0161le smiraj poslije 26 godina. Najmla\u0111a \u017ertva koja je ove godine ukopana u Memorijalnom centru Poto\u010dari je Azmir Osmanovi\u0107 koji je imao svega 16 godina kada je likvidiran. Kona\u010dan smiraj ove godine na\u0161ao je jo\u0161 jedan maloljetnik Fikret Kiveri\u0107 koji je imao 17 godina u momentu smrti. Ove godine kona\u010dan smiraj na\u0161la je i jedna \u017eena Zilha Deli\u0107. U momentu stradanja imala je svega 24 godine. U Memorijalnom centru Srebrenica &#8211; Poto\u010dari ukopani su ove godine i otac i sin Hajro i Jusuf Alji\u0107. Najstarija \u017ertva koja je na\u0161la svoj kona\u010dni smiraj u Memorijalnom centru Poto\u010dari jeste Husein Kurba\u0161i\u0107, koji je imao 63 [&#8230;]<\/p>\n","protected":false},"author":1,"featured_media":1458,"comment_status":"closed","ping_status":"closed","sticky":false,"template":"","format":"standard","meta":{"footnotes":""},"categories":[16,4],"tags":[],"class_list":["post-1455","post","type-post","status-publish","format-standard","has-post-thumbnail","hentry","category-ostalo","category-main"],"_links":{"self":[{"href":"https:\/\/bosnjaci.org\/wp1437\/wp-json\/wp\/v2\/posts\/1455","targetHints":{"allow":["GET"]}}],"collection":[{"href":"https:\/\/bosnjaci.org\/wp1437\/wp-json\/wp\/v2\/posts"}],"about":[{"href":"https:\/\/bosnjaci.org\/wp1437\/wp-json\/wp\/v2\/types\/post"}],"author":[{"embeddable":true,"href":"https:\/\/bosnjaci.org\/wp1437\/wp-json\/wp\/v2\/users\/1"}],"replies":[{"embeddable":true,"href":"https:\/\/bosnjaci.org\/wp1437\/wp-json\/wp\/v2\/comments?post=1455"}],"version-history":[{"count":4,"href":"https:\/\/bosnjaci.org\/wp1437\/wp-json\/wp\/v2\/posts\/1455\/revisions"}],"predecessor-version":[{"id":1463,"href":"https:\/\/bosnjaci.org\/wp1437\/wp-json\/wp\/v2\/posts\/1455\/revisions\/1463"}],"wp:featuredmedia":[{"embeddable":true,"href":"https:\/\/bosnjaci.org\/wp1437\/wp-json\/wp\/v2\/media\/1458"}],"wp:attachment":[{"href":"https:\/\/bosnjaci.org\/wp1437\/wp-json\/wp\/v2\/media?parent=1455"}],"wp:term":[{"taxonomy":"category","embeddable":true,"href":"https:\/\/bosnjaci.org\/wp1437\/wp-json\/wp\/v2\/categories?post=1455"},{"taxonomy":"post_tag","embeddable":true,"href":"https:\/\/bosnjaci.org\/wp1437\/wp-json\/wp\/v2\/tags?post=1455"}],"curies":[{"name":"wp","href":"https:\/\/api.w.org\/{rel}","templated":true}]}}