{"id":1421,"date":"2021-04-13T01:59:02","date_gmt":"2021-04-12T23:59:02","guid":{"rendered":"http:\/\/bosnjaci.org\/wp1437\/?p=1421"},"modified":"2021-04-13T01:59:02","modified_gmt":"2021-04-12T23:59:02","slug":"ramazan-mjesec-dobrocinstva","status":"publish","type":"post","link":"https:\/\/bosnjaci.org\/wp1437\/ramazan-mjesec-dobrocinstva\/","title":{"rendered":"Ramazan &#8211; mjesec dobro\u010dinstva"},"content":{"rendered":"\n<p>Pripremio:&nbsp;<strong>mr.&nbsp;Osman Smajlovi\u0107<\/strong><\/p>\n\n\n\n<p>Postoji jaka i neraskidiva veza izme\u0111u blagoslovljenog mjeseca Ramazana i dobro\u010dinstva.<\/p>\n\n\n\n<p>Ibn Abbas, radijallahu anhu, opisao je Allahovog Poslanika, sallallahu alejhi ve sellem, rekav\u0161i: &#8220;Allahov Poslanik, sallallahu alejhi ve sellem, bio je najizda\u0161nija osoba&#8221; (Buhari).<\/p>\n\n\n\n<p>Me\u0111utim, kada je njegova velikodu\u0161nost do\u0161la do izra\u017eaja?<\/p>\n\n\n\n<p>Ibn Abbas, radijallahu anhu, rekao je: &#8220;i bio je najdare\u017eljiviji u mjesecu ramazanu kad bi mu do\u0161ao D\u017eibril &#8230;&#8221; (Buhari)<\/p>\n\n\n\n<p>Ibn Abbas, radijallahu anhu, daje nam usporedbu, kako bismo bolje razumjeli velikodu\u0161nost Poslanika: &#8220;bio bi (dobro\u010dinstvom) izda\u0161niji od poslanog (ki\u0161ovitog) vjetra.&#8221; (Buhari) smilovao se, dalje se spominjalo: \u201edao bi sve \u0161to bi se od njega tra\u017eilo &#8230;\u201c (Musned)<\/p>\n\n\n\n<p>Allahov Poslanik, sallallahu alejhi ve sellem, bio je br\u017ei u dobro\u010dinstvu od vjetra koji sa sobom, Allahovim dopu\u0161tenjem, donosi milost.&nbsp;Bez obzira kako vjetar dopire do plodne i mrtve zemlje, parlamentarna dobrotvorna organizacija tako\u0111er dopire do svih kategorija ljudi, kako onih kojima je potrebna, tako i bogatih.<\/p>\n\n\n\n<p>Imam \u0160afija, Allah mu se smilovao, rekao je: \u201eVolim da osoba bude izuzetno velikodu\u0161na u Ramazanu, uzimaju\u0107i Allahovog Poslanika, sallallahu alejhi ve sellem, za uzor, ali i zbog potrebe da ljudi u Ramazanu i zato \u0161to ih je mnogo u ovom mjesecu. Neki od njih su zauzeti postom i molitvom, pa imaju manje vremena da zarade za \u017eivot. &#8220;(Letaifu Mearif)<\/p>\n\n\n\n<p>Ebu Zerr, radijallahu anhu, rekao je: \u201eO ljudi!&nbsp;Zaista sam iskren savjetnik i saose\u0107ajan prema vama.&nbsp;Klanjajte se u mra\u010dnoj no\u0107i, samo\u0107i u grobu, postite na ovom svijetu za vru\u0107ine dana uskrsnu\u0107a i dajte milostinju iz straha u te\u0161kom danu.&nbsp;Oh ljudi!&nbsp;Zaista sam iskren savjetnik i saose\u0107am sa vama. &#8220;(Ahmed u Zuhdu)<\/p>\n\n\n\n<p>Zajedni\u010dki post i milostinja jedan su od razloga za ulazak u D\u017eennet.&nbsp;Allahov Poslanik, sallallahu alejhi ve sellem, rekao je: &#8220;U D\u017eennetu zaista imaju odaje \u010dija se vanjska strana vidi iz njegove unutra\u0161njosti, a njegova unutra\u0161njost iz njegove vanjske strane.&#8221; Allahu!&nbsp;Kome pripadaju? &#8220;, A Poslanik, sallallahu alejhi ve sellem, odgovorio je:&#8221; Onome ko govori lijep govor, dijeli hranu, \u010desto posti i klanja se no\u0107u dok ljudi spavaju. &#8220;<\/p>\n\n\n\n<p>Pomenute hvale vrijedne stvari u hadisu;&nbsp;lijep govor, dijeljenje hrane, \u010desti posta i no\u0107ne molitve doga\u0111aju se u blagoslovljenom mjesecu ramazanu.<\/p>\n\n\n\n<p>Dovoljna motivacija za dobro\u010dinitelja u dobro\u010dinstvu u Ramazanu je \u010dvrsto uvjerenje da \u0107e se Allah, Milostivi, smilovati Svojim milosrdnim robovima: &#8220;Allah \u0107e se smilovati samo onim svojim robovima koji su milosrdni.&#8221; (Buhari)<\/p>\n\n\n\n<p>Postoje mnogi potencijalni oblici dobro\u010dinstava u blagoslovljenom mjesecu ramazanu: priprema iftara, paketa hrane, dijeljenje datuma, nov\u010dana pomo\u0107, otplata duga, dijeljenje odje\u0107e, obu\u0107e i sli\u010dno.\u00a0Allahov Poslanik, sallallahu alejhi ve sellem, rekao je: &#8220;Najbolje djelo je obradovati svog brata muslimana ili otplatiti njegov dug ili hraniti ga hljebom.&#8221; (Bayhaqi, Shu'abu Iman, autenti\u010dno)<\/p>\n\n\n\n<p><\/p>\n\n\n\n<p>minber.ba<\/p>\n","protected":false},"excerpt":{"rendered":"<p>Pripremio:&nbsp;mr.&nbsp;Osman Smajlovi\u0107 Postoji jaka i neraskidiva veza izme\u0111u blagoslovljenog mjeseca Ramazana i dobro\u010dinstva. Ibn Abbas, radijallahu anhu, opisao je Allahovog Poslanika, sallallahu alejhi ve sellem, rekav\u0161i: &#8220;Allahov Poslanik, sallallahu alejhi ve sellem, bio je najizda\u0161nija osoba&#8221; (Buhari). Me\u0111utim, kada je njegova velikodu\u0161nost do\u0161la do izra\u017eaja? Ibn Abbas, radijallahu anhu, rekao je: &#8220;i bio je najdare\u017eljiviji u mjesecu ramazanu kad bi mu do\u0161ao D\u017eibril &#8230;&#8221; (Buhari) Ibn Abbas, radijallahu anhu, daje nam usporedbu, kako bismo bolje razumjeli velikodu\u0161nost Poslanika: &#8220;bio bi (dobro\u010dinstvom) izda\u0161niji od poslanog (ki\u0161ovitog) vjetra.&#8221; (Buhari) smilovao se, dalje se spominjalo: \u201edao bi sve \u0161to bi se od njega tra\u017eilo &#8230;\u201c (Musned) Allahov Poslanik, sallallahu alejhi ve sellem, bio je br\u017ei u dobro\u010dinstvu od vjetra koji sa sobom, Allahovim dopu\u0161tenjem, donosi milost.&nbsp;Bez obzira kako vjetar dopire do plodne i mrtve zemlje, parlamentarna dobrotvorna organizacija tako\u0111er dopire do svih kategorija ljudi, kako onih kojima je potrebna, tako i bogatih. Imam \u0160afija, Allah mu se smilovao, rekao je: \u201eVolim da osoba bude izuzetno velikodu\u0161na u Ramazanu, uzimaju\u0107i Allahovog Poslanika, sallallahu alejhi ve sellem, za uzor, ali i zbog potrebe da ljudi u Ramazanu i zato \u0161to ih je mnogo u ovom mjesecu. Neki od njih su zauzeti postom i molitvom, pa [&#8230;]<\/p>\n","protected":false},"author":1,"featured_media":472,"comment_status":"closed","ping_status":"closed","sticky":false,"template":"","format":"standard","meta":{"footnotes":""},"categories":[3],"tags":[],"class_list":["post-1421","post","type-post","status-publish","format-standard","has-post-thumbnail","hentry","category-ramazan"],"_links":{"self":[{"href":"https:\/\/bosnjaci.org\/wp1437\/wp-json\/wp\/v2\/posts\/1421","targetHints":{"allow":["GET"]}}],"collection":[{"href":"https:\/\/bosnjaci.org\/wp1437\/wp-json\/wp\/v2\/posts"}],"about":[{"href":"https:\/\/bosnjaci.org\/wp1437\/wp-json\/wp\/v2\/types\/post"}],"author":[{"embeddable":true,"href":"https:\/\/bosnjaci.org\/wp1437\/wp-json\/wp\/v2\/users\/1"}],"replies":[{"embeddable":true,"href":"https:\/\/bosnjaci.org\/wp1437\/wp-json\/wp\/v2\/comments?post=1421"}],"version-history":[{"count":1,"href":"https:\/\/bosnjaci.org\/wp1437\/wp-json\/wp\/v2\/posts\/1421\/revisions"}],"predecessor-version":[{"id":1422,"href":"https:\/\/bosnjaci.org\/wp1437\/wp-json\/wp\/v2\/posts\/1421\/revisions\/1422"}],"wp:featuredmedia":[{"embeddable":true,"href":"https:\/\/bosnjaci.org\/wp1437\/wp-json\/wp\/v2\/media\/472"}],"wp:attachment":[{"href":"https:\/\/bosnjaci.org\/wp1437\/wp-json\/wp\/v2\/media?parent=1421"}],"wp:term":[{"taxonomy":"category","embeddable":true,"href":"https:\/\/bosnjaci.org\/wp1437\/wp-json\/wp\/v2\/categories?post=1421"},{"taxonomy":"post_tag","embeddable":true,"href":"https:\/\/bosnjaci.org\/wp1437\/wp-json\/wp\/v2\/tags?post=1421"}],"curies":[{"name":"wp","href":"https:\/\/api.w.org\/{rel}","templated":true}]}}