{"id":1372,"date":"2020-09-24T06:28:00","date_gmt":"2020-09-24T04:28:00","guid":{"rendered":"http:\/\/bosnjaci.org\/wp1437\/?p=1372"},"modified":"2020-09-20T06:29:25","modified_gmt":"2020-09-20T04:29:25","slug":"bosnjacko-selo-fevziye-u-turskoj-kada-su-bosnjaci-prvi-put-dosli-u-ovo-mjesto-turci-su-mislili-da-su-vlasi-dok-im-jedan-bosnjak-nije-klanjao-dzumu","status":"publish","type":"post","link":"https:\/\/bosnjaci.org\/wp1437\/bosnjacko-selo-fevziye-u-turskoj-kada-su-bosnjaci-prvi-put-dosli-u-ovo-mjesto-turci-su-mislili-da-su-vlasi-dok-im-jedan-bosnjak-nije-klanjao-dzumu\/","title":{"rendered":"Bo\u0161nja\u010dko selo Fevziye u Turskoj. Kada su Bo\u0161njaci prvi put do\u0161li u ovo mjesto, Turci su mislili da su Vlasi, dok im jedan Bo\u0161njak nije klanjao d\u017eumu"},"content":{"rendered":"\n<p>Sela oko Fevziye su turska. Kada su stigle prve bo\u0161nja\u010dke porodice u Fevziye, stanovnici tih okolnih sela mislili su da su oni Vlasi te su ih s podozrenjem i nepovjerenjem gledali. Tako je bilo sve dok jednom jedan vjerski u\u010deni Bo\u0161njak nije oti\u0161ao na d\u017eumu u jedno tursko selo, koje je ostalo bez imama i odr\u017eao im vaz. Rekao im je da zna arapski, turski i bosanski pa ako oni imaju boljeg \u201ehod\u017eu\u201c neka ga na\u0111u.<\/p>\n\n\n\n<p>Fevziye je bo\u0161nja\u010dko selo udaljeno trideset kilometara od Ankare. Do ovog sela se sti\u017ee asfaltnim putem. Smje\u0161teno je na jednom uzvi\u0161enju gdje se prostiru nepregledne ravnice. Zemlja nije \u201eba\u0161 jaka\u201c kako ka\u017eu njihovi \u017eitelji, pa zato malo \u0161ta uspjeva od usjeva. Nema ni vo\u0107a pa se stanovnici bave sto\u010darstvom. Mlijeko i mlije\u010dne proizvode prodaju u Ankari i uglavnom od toga \u017eive. Sada je puno lak\u0161e dopremiti i prodati proizvode u Ankari prema kojoj saobra\u0107a autobus, a u selu se nalazi i otkupna stanica mlijeka. Prvi naseljenici, Bo\u0161njaci, morali su pje\u0161a\u010diti i na sebi do Ankare nositi mlijeko, sir i druge proizvode kako bi pre\u017eivjeli.<\/p>\n\n\n\n<p>Prvi Bo\u0161njaci su do\u0161li u ovo selo prije 120 i vi\u0161e godina. Doselili su se uglavnom iz Hercegovine, Bosanske krajine i Sand\u017eaka.<\/p>\n\n\n\n<p>U centru sela je d\u017eamija, mahturluk, ambualna, udru\u017eenje\u2026 U udru\u017eenju glavnu rije\u010d vode Ned\u017emija Od\u017eak, Fatija Ozdemir, Galib Uslu, Hasan Od\u017eak, Zejnil Tabak i Nevez Od\u017eak.<\/p>\n\n\n\n<p>Oni svake godine organiziraju susret Bo\u0161njaka pod nazivom \u201eDan pite\u201c. Tada se \u017eene takmi\u010de koja \u0107e bolje ispe\u0107i pravu bosansku pitu. Tu manifestaciju na turskom nazivaju \u201ePita \u0161enli\u201c. Ona se organizira u maju i veoma je posje\u0107ena. Autobusima dolaze bo\u0161nja\u010dke porodice iz Inegola, Burse, Izmira, Adane i drugih mjesta gdje \u017eive Bo\u0161njaci. Do\u0111u i svira\u010di, donesu harmonike te se \u0161enlu\u010di uz bosansku pjesmu.<\/p>\n\n\n\n<p>Zgrada udru\u017eenja ima i svadbe, sunete djece i druge prigode.<\/p>\n\n\n\n<p>Sela oko Fevziye su turska. Kada su stigle prve bo\u0161nja\u010dke porodice u Fevziye, stanovnici tih okolnih sela mislili su da su oni Vlasi te su ih s podozrenjem i nepovjerenjem gledali. Tako je bilo sve dok jednom jedan vjerski u\u010deni Bo\u0161njak nije oti\u0161ao na d\u017eumu u jedno tursko selo, koje je ostalo bez imama i odr\u017eao im vaz. Rekao im je da zna arapski, turski i bosanski pa ako oni imaju boljeg \u201ehod\u017eu\u201c neka ga na\u0111u. Nakon vaza Bo\u0161njaka, Turci su se izvinili i mnogi od odu\u0161evljenja zaplakali. Tek tada su povjerovali da su novi stanovnici muslimani.<\/p>\n\n\n\n<p>Po\u010deli su se dru\u017eiti, pa i me\u0111usobno \u017eeniti. Danas se u Fevziyi s munare na svaki vakat \u010duje ezan, ali malo ko do\u0111e na namaz. Na d\u017eumi bude pedesetak d\u017eematlija. Unutra\u0161njost d\u017eamije odi\u0161e skladom i ljepotom.<\/p>\n\n\n\n<h3 class=\"wp-block-heading\">Izvori: Amir Hod\u017ei\u0107 i Mirsad Kalajd\u017ei\u0107: Bo\u0161njaci u Turskoj<\/h3>\n\n\n\n<h3 class=\"wp-block-heading\">Za Intelektualno.com pripremio: Mirza Malovi\u0107<\/h3>\n","protected":false},"excerpt":{"rendered":"<p>Sela oko Fevziye su turska. Kada su stigle prve bo\u0161nja\u010dke porodice u Fevziye, stanovnici tih okolnih sela mislili su da su oni Vlasi te su ih s podozrenjem i nepovjerenjem gledali. Tako je bilo sve dok jednom jedan vjerski u\u010deni Bo\u0161njak nije oti\u0161ao na d\u017eumu u jedno tursko selo, koje je ostalo bez imama i odr\u017eao im vaz. Rekao im je da zna arapski, turski i bosanski pa ako oni imaju boljeg \u201ehod\u017eu\u201c neka ga na\u0111u. Fevziye je bo\u0161nja\u010dko selo udaljeno trideset kilometara od Ankare. Do ovog sela se sti\u017ee asfaltnim putem. Smje\u0161teno je na jednom uzvi\u0161enju gdje se prostiru nepregledne ravnice. Zemlja nije \u201eba\u0161 jaka\u201c kako ka\u017eu njihovi \u017eitelji, pa zato malo \u0161ta uspjeva od usjeva. Nema ni vo\u0107a pa se stanovnici bave sto\u010darstvom. Mlijeko i mlije\u010dne proizvode prodaju u Ankari i uglavnom od toga \u017eive. Sada je puno lak\u0161e dopremiti i prodati proizvode u Ankari prema kojoj saobra\u0107a autobus, a u selu se nalazi i otkupna stanica mlijeka. Prvi naseljenici, Bo\u0161njaci, morali su pje\u0161a\u010diti i na sebi do Ankare nositi mlijeko, sir i druge proizvode kako bi pre\u017eivjeli. Prvi Bo\u0161njaci su do\u0161li u ovo selo prije 120 i vi\u0161e godina. Doselili su se uglavnom iz Hercegovine, Bosanske krajine [&#8230;]<\/p>\n","protected":false},"author":1,"featured_media":1374,"comment_status":"closed","ping_status":"closed","sticky":false,"template":"","format":"standard","meta":{"footnotes":""},"categories":[16,4],"tags":[],"class_list":["post-1372","post","type-post","status-publish","format-standard","has-post-thumbnail","hentry","category-ostalo","category-main"],"_links":{"self":[{"href":"https:\/\/bosnjaci.org\/wp1437\/wp-json\/wp\/v2\/posts\/1372","targetHints":{"allow":["GET"]}}],"collection":[{"href":"https:\/\/bosnjaci.org\/wp1437\/wp-json\/wp\/v2\/posts"}],"about":[{"href":"https:\/\/bosnjaci.org\/wp1437\/wp-json\/wp\/v2\/types\/post"}],"author":[{"embeddable":true,"href":"https:\/\/bosnjaci.org\/wp1437\/wp-json\/wp\/v2\/users\/1"}],"replies":[{"embeddable":true,"href":"https:\/\/bosnjaci.org\/wp1437\/wp-json\/wp\/v2\/comments?post=1372"}],"version-history":[{"count":1,"href":"https:\/\/bosnjaci.org\/wp1437\/wp-json\/wp\/v2\/posts\/1372\/revisions"}],"predecessor-version":[{"id":1373,"href":"https:\/\/bosnjaci.org\/wp1437\/wp-json\/wp\/v2\/posts\/1372\/revisions\/1373"}],"wp:featuredmedia":[{"embeddable":true,"href":"https:\/\/bosnjaci.org\/wp1437\/wp-json\/wp\/v2\/media\/1374"}],"wp:attachment":[{"href":"https:\/\/bosnjaci.org\/wp1437\/wp-json\/wp\/v2\/media?parent=1372"}],"wp:term":[{"taxonomy":"category","embeddable":true,"href":"https:\/\/bosnjaci.org\/wp1437\/wp-json\/wp\/v2\/categories?post=1372"},{"taxonomy":"post_tag","embeddable":true,"href":"https:\/\/bosnjaci.org\/wp1437\/wp-json\/wp\/v2\/tags?post=1372"}],"curies":[{"name":"wp","href":"https:\/\/api.w.org\/{rel}","templated":true}]}}