{"id":1332,"date":"2020-07-11T20:00:03","date_gmt":"2020-07-11T18:00:03","guid":{"rendered":"http:\/\/bosnjaci.org\/wp1437\/?p=1332"},"modified":"2020-07-11T20:00:28","modified_gmt":"2020-07-11T18:00:28","slug":"suze-jecaji-klanjana-dzenaza-i-obavljen-ukop-devet-zrtava-genocida-u-srebrenici","status":"publish","type":"post","link":"https:\/\/bosnjaci.org\/wp1437\/suze-jecaji-klanjana-dzenaza-i-obavljen-ukop-devet-zrtava-genocida-u-srebrenici\/","title":{"rendered":"SUZE, JECAJI&#8230;KLANJANA D\u017dENAZA I OBAVLJEN UKOP DEVET \u017dRTAVA GENOCIDA U SREBRENICI"},"content":{"rendered":"\n<p>U mezarju Memorijalnog centra Srebrenica &#8211; Poto\u010dari klanjana je d\u017eenaza-namaz i obavljen ukop devet \u017ertava genocida po\u010dinjenog u ljeto 1995. godine u Srebrenici, javlja Anadolu Agency (AA).<\/p>\n\n\n\n<p>D\u017eenazu-namaz predvodio je reisu-l-ulema Islamske zajednice u Bosni i Hercegovini Husein efendija Kavazovi\u0107. Dana\u0161njem obilje\u017eavanju 25. godi\u0161njice genocida po\u010dinjenog u julu 1995. godine prisustvovale su hiljade ljudi.<\/p>\n\n\n\n<p>Prije d\u017eenaza-namaza uprili\u010den je vjerski dio programa, a nakon toga je \u010ditanjem imena po\u010delo izno\u0161enje tabuta iz Musalle Memorijalnog centra.<\/p>\n\n\n\n<p>Pre\u017eivjeli Srebreni\u010dani, \u010dlanovi porodica ubijenih, prijatelji i kom\u0161ije na rukama su prenijeli zelene tabute sa posmrtnim ostacima do mezara gdje su \u017ertve genocida na\u0161le smiraj poslije 25 godina.<\/p>\n\n\n\n<p>U mezarju Memorijalnog centra Poto\u010dari ove godine ukopani su: Sead (Huso) Hasanovi\u0107, ro\u0111en 1971. godine u Kriva\u010dama, Alija (Bekto) Sulji\u0107, ro\u0111en 1969. godine u Poznanovi\u0107ima, Hasan (Alija) Pezi\u0107, ro\u0111en 1925. godine u mjestu Pusto\u0161e, Hasib (\u0160aban) Hasanovi\u0107, ro\u0111en 1970. godine u Slatini, Zuhdija (Suljo) Avdagi\u0107, ro\u0111en 1947. godine u Novoj Kasabi, Bajro (Ramo) Salihovi\u0107, ro\u0111en 1943. godine u Voljavici, Ibrahim (Hamid) Zukanovi\u0107, ro\u0111en 1941. godine u Sasama, Salko (Ahmo) Ibi\u0161evi\u0107, ro\u0111en 1972. godine u Ljuboviji i Kemal (Husein) Musi\u0107, ro\u0111en 1968. godine u Glogovoj.<\/p>\n\n\n\n<p>U Memorijalnom centru u Poto\u010darima do sada su, sa dana\u0161njih devet, ukopane 6.652 \u017ertve genocida, a traga se za jo\u0161 vi\u0161e od hiljadu ubijenih stanovnika Podrinja.<\/p>\n\n\n\n<p>Posmrtni ostaci \u017ertava genocida prona\u0111eni su na oko 150 razli\u010ditih lokaliteta, od \u010dega je vi\u0161e od 70 masovnih grobnica.<\/p>\n\n\n\n<p>Najmla\u0111a dosad ukopana \u017ertva u Poto\u010darima je novoro\u0111en\u010de, djevoj\u010dica Fatima Muhi\u0107, a najstarija \u0160aha Izmirli\u0107, ro\u0111ena 1901. godine.<\/p>\n\n\n\n<p>Pred sudovima u regionu i Haagu za zlo\u010dine po\u010dinjene u Srebrenici do sada je osu\u0111eno 47 osoba, na vi\u0161e od 700 godina zatvora, a izre\u0107ene su i \u010detiri do\u017eivotne kazne zatvora.<\/p>\n\n\n\n<p><\/p>\n\n\n\n<p>Izvor: <a href=\"http:\/\/www.bosnjaci.net\">Bosnjaci.net<\/a><\/p>\n","protected":false},"excerpt":{"rendered":"<p>U mezarju Memorijalnog centra Srebrenica &#8211; Poto\u010dari klanjana je d\u017eenaza-namaz i obavljen ukop devet \u017ertava genocida po\u010dinjenog u ljeto 1995. godine u Srebrenici, javlja Anadolu Agency (AA). D\u017eenazu-namaz predvodio je reisu-l-ulema Islamske zajednice u Bosni i Hercegovini Husein efendija Kavazovi\u0107. Dana\u0161njem obilje\u017eavanju 25. godi\u0161njice genocida po\u010dinjenog u julu 1995. godine prisustvovale su hiljade ljudi. Prije d\u017eenaza-namaza uprili\u010den je vjerski dio programa, a nakon toga je \u010ditanjem imena po\u010delo izno\u0161enje tabuta iz Musalle Memorijalnog centra. Pre\u017eivjeli Srebreni\u010dani, \u010dlanovi porodica ubijenih, prijatelji i kom\u0161ije na rukama su prenijeli zelene tabute sa posmrtnim ostacima do mezara gdje su \u017ertve genocida na\u0161le smiraj poslije 25 godina. U mezarju Memorijalnog centra Poto\u010dari ove godine ukopani su: Sead (Huso) Hasanovi\u0107, ro\u0111en 1971. godine u Kriva\u010dama, Alija (Bekto) Sulji\u0107, ro\u0111en 1969. godine u Poznanovi\u0107ima, Hasan (Alija) Pezi\u0107, ro\u0111en 1925. godine u mjestu Pusto\u0161e, Hasib (\u0160aban) Hasanovi\u0107, ro\u0111en 1970. godine u Slatini, Zuhdija (Suljo) Avdagi\u0107, ro\u0111en 1947. godine u Novoj Kasabi, Bajro (Ramo) Salihovi\u0107, ro\u0111en 1943. godine u Voljavici, Ibrahim (Hamid) Zukanovi\u0107, ro\u0111en 1941. godine u Sasama, Salko (Ahmo) Ibi\u0161evi\u0107, ro\u0111en 1972. godine u Ljuboviji i Kemal (Husein) Musi\u0107, ro\u0111en 1968. godine u Glogovoj. U Memorijalnom centru u Poto\u010darima do sada su, sa dana\u0161njih devet, ukopane 6.652 \u017ertve [&#8230;]<\/p>\n","protected":false},"author":1,"featured_media":1333,"comment_status":"closed","ping_status":"closed","sticky":false,"template":"","format":"standard","meta":{"footnotes":""},"categories":[16,4],"tags":[],"class_list":["post-1332","post","type-post","status-publish","format-standard","has-post-thumbnail","hentry","category-ostalo","category-main"],"_links":{"self":[{"href":"https:\/\/bosnjaci.org\/wp1437\/wp-json\/wp\/v2\/posts\/1332","targetHints":{"allow":["GET"]}}],"collection":[{"href":"https:\/\/bosnjaci.org\/wp1437\/wp-json\/wp\/v2\/posts"}],"about":[{"href":"https:\/\/bosnjaci.org\/wp1437\/wp-json\/wp\/v2\/types\/post"}],"author":[{"embeddable":true,"href":"https:\/\/bosnjaci.org\/wp1437\/wp-json\/wp\/v2\/users\/1"}],"replies":[{"embeddable":true,"href":"https:\/\/bosnjaci.org\/wp1437\/wp-json\/wp\/v2\/comments?post=1332"}],"version-history":[{"count":3,"href":"https:\/\/bosnjaci.org\/wp1437\/wp-json\/wp\/v2\/posts\/1332\/revisions"}],"predecessor-version":[{"id":1336,"href":"https:\/\/bosnjaci.org\/wp1437\/wp-json\/wp\/v2\/posts\/1332\/revisions\/1336"}],"wp:featuredmedia":[{"embeddable":true,"href":"https:\/\/bosnjaci.org\/wp1437\/wp-json\/wp\/v2\/media\/1333"}],"wp:attachment":[{"href":"https:\/\/bosnjaci.org\/wp1437\/wp-json\/wp\/v2\/media?parent=1332"}],"wp:term":[{"taxonomy":"category","embeddable":true,"href":"https:\/\/bosnjaci.org\/wp1437\/wp-json\/wp\/v2\/categories?post=1332"},{"taxonomy":"post_tag","embeddable":true,"href":"https:\/\/bosnjaci.org\/wp1437\/wp-json\/wp\/v2\/tags?post=1332"}],"curies":[{"name":"wp","href":"https:\/\/api.w.org\/{rel}","templated":true}]}}